{"id":11296,"date":"2023-09-27T15:20:30","date_gmt":"2023-09-27T13:20:30","guid":{"rendered":"https:\/\/www.bak.hr\/?p=11296"},"modified":"2023-09-27T15:20:31","modified_gmt":"2023-09-27T13:20:31","slug":"obavijest-o-pocetku-nove-ak-god-2023-2024","status":"publish","type":"post","link":"https:\/\/www.bak.hr\/en\/obavijest-o-pocetku-nove-ak-god-2023-2024\/","title":{"rendered":"Obavijest o po\u010detku nove ak.god. 2023.\/2024."},"content":{"rendered":"<p>Akademska godina 2023.\/2024. zapo\u010dinje u ponedjeljak 9. listopada 2023. &nbsp;uvodnim predavanjem&nbsp; s po\u010detkom u 17.30h. Uvodno predavanje odr\u017eati \u0107e se u dvorani 6 Veleu\u010dili\u0161ta u Zapre\u0161i\u0107u, uz mogu\u0107nost online pra\u0107enja.<\/p>\n\n\n\n<p>Odr\u017eavanje nastave za sve studije po\u010dinje u utorak 10. listopada 2023. prema naknadno objavljenom rasporedu, osim:<\/p>\n\n\n\n<ul class=\"wp-block-list\">\n<li>nastava za 1. godinu diplomskog studija Menad\u017ement javnog sektora zapo\u010dinje 9. listopada 2023., nakon uvodnog predavanja.<\/li>\n\n\n\n<li>nastava za 3. godinu usmjerenja Menad\u017ement uredskog poslovanja (studij PiU) zapo\u010dinje 30. listopada 2023.<\/li>\n<\/ul>\n\n\n\n<p><strong><em><u>NAPOMENE:<\/u><\/em><\/strong><\/p>\n\n\n\n<ul class=\"wp-block-list\">\n<li>Raspored online nastave po razdobljima odr\u017eavanja biti \u0107e objavljen na web stranici Veleu\u010dili\u0161ta do 2. listopada 2023.<\/li>\n\n\n\n<li>Sve informacije oko termina odr\u017eavanja webinara unutar kolegija nalaziti \u0107e se na stranici svakog pojedinog kolegija na sustavu Baltazar prije po\u010detka odr\u017eavanja nastave.<\/li>\n\n\n\n<li>Nastava za stru\u010dni prijediplomski studij PiU (usmjerenje PEF)&nbsp; \u2013 dislocirani studij Biograd n\/M (klasi\u010dna nastava) zapo\u010dinje krajem listopada 2023., prema naknadno objavljenom rasporedu.<\/li>\n\n\n\n<li>Nastava za stru\u010dni diplomski studij Projektni menad\u017ement \u2013 dislocirani studij Osijek (klasi\u010dna nastava) zapo\u010dinje od sredine listopada 2023., prema naknadno objavljenom rasporedu.<\/li>\n<\/ul>","protected":false},"excerpt":{"rendered":"<p>Akademska godina 2023.\/2024. zapo\u010dinje u ponedjeljak 9. listopada 2023. &nbsp;uvodnim predavanjem&nbsp; s po\u010detkom u 17.30h. Uvodno predavanje odr\u017eati \u0107e se u dvorani 6 Veleu\u010dili\u0161ta u Zapre\u0161i\u0107u, uz mogu\u0107nost online pra\u0107enja. Odr\u017eavanje nastave za sve studije po\u010dinje u utorak 10. listopada 2023. prema naknadno objavljenom rasporedu, osim: NAPOMENE:<\/p>","protected":false},"author":4,"featured_media":132,"comment_status":"open","ping_status":"open","sticky":false,"template":"","format":"standard","meta":{"_acf_changed":false,"footnotes":""},"categories":[1],"tags":[],"opcije-prikaza-objave":[],"dogadanja":[],"class_list":["post-11296","post","type-post","status-publish","format-standard","has-post-thumbnail","hentry","category-novosti"],"acf":{"photo_gallery":{"galerija":[[]]}},"_links":{"self":[{"href":"https:\/\/www.bak.hr\/en\/wp-json\/wp\/v2\/posts\/11296","targetHints":{"allow":["GET"]}}],"collection":[{"href":"https:\/\/www.bak.hr\/en\/wp-json\/wp\/v2\/posts"}],"about":[{"href":"https:\/\/www.bak.hr\/en\/wp-json\/wp\/v2\/types\/post"}],"author":[{"embeddable":true,"href":"https:\/\/www.bak.hr\/en\/wp-json\/wp\/v2\/users\/4"}],"replies":[{"embeddable":true,"href":"https:\/\/www.bak.hr\/en\/wp-json\/wp\/v2\/comments?post=11296"}],"version-history":[{"count":1,"href":"https:\/\/www.bak.hr\/en\/wp-json\/wp\/v2\/posts\/11296\/revisions"}],"predecessor-version":[{"id":11297,"href":"https:\/\/www.bak.hr\/en\/wp-json\/wp\/v2\/posts\/11296\/revisions\/11297"}],"wp:featuredmedia":[{"embeddable":true,"href":"https:\/\/www.bak.hr\/en\/wp-json\/wp\/v2\/media\/132"}],"wp:attachment":[{"href":"https:\/\/www.bak.hr\/en\/wp-json\/wp\/v2\/media?parent=11296"}],"wp:term":[{"taxonomy":"category","embeddable":true,"href":"https:\/\/www.bak.hr\/en\/wp-json\/wp\/v2\/categories?post=11296"},{"taxonomy":"post_tag","embeddable":true,"href":"https:\/\/www.bak.hr\/en\/wp-json\/wp\/v2\/tags?post=11296"},{"taxonomy":"opcije-prikaza-objave","embeddable":true,"href":"https:\/\/www.bak.hr\/en\/wp-json\/wp\/v2\/opcije-prikaza-objave?post=11296"},{"taxonomy":"dogadanja","embeddable":true,"href":"https:\/\/www.bak.hr\/en\/wp-json\/wp\/v2\/dogadanja?post=11296"}],"curies":[{"name":"wp","href":"https:\/\/api.w.org\/{rel}","templated":true}]}}