{"id":14065,"date":"2024-03-11T11:05:14","date_gmt":"2024-03-11T10:05:14","guid":{"rendered":"https:\/\/www.bak.hr\/?p=14065"},"modified":"2024-05-07T11:43:37","modified_gmt":"2024-05-07T09:43:37","slug":"javno-predavanje-na-temu-projekt-istrazivanja-trzista-u-dislociranom-centru-veleucilista-u-osijeku","status":"publish","type":"post","link":"https:\/\/www.bak.hr\/en\/javno-predavanje-na-temu-projekt-istrazivanja-trzista-u-dislociranom-centru-veleucilista-u-osijeku\/","title":{"rendered":"Javno predavanje na temu &#8220;Projekt istra\u017eivanja tr\u017ei\u0161ta&#8221; u dislociranom centru Veleu\u010dili\u0161ta u Osijeku"},"content":{"rendered":"<p>Pozivamo vas na javno predavanje koje \u0107e se u srijedu 20.03.2024. u 18:00 sati odr\u017eati u dislociranom centru Veleu\u010dili\u0161ta, u Osijeku (\u0160etali\u0161te kardinala Franje \u0160epera 12) <\/p>\n\n\n\n<p>Predavanje na temu &#8220;Projekt istra\u017eivanja tr\u017ei\u0161ta&#8221; odr\u017eat \u0107e Diana Karaka\u0161, mag.oec.<\/p>\n\n\n\n<p><strong>Zbog sprije\u010denosti predava\u010da, navedeno predavanje je OTKAZANO!<\/strong><\/p>","protected":false},"excerpt":{"rendered":"<p>Pozivamo vas na javno predavanje koje \u0107e se u srijedu 20.03.2024. u 18:00 sati odr\u017eati u dislociranom centru Veleu\u010dili\u0161ta, u Osijeku (\u0160etali\u0161te kardinala Franje \u0160epera 12) Predavanje na temu &#8220;Projekt istra\u017eivanja tr\u017ei\u0161ta&#8221; odr\u017eat \u0107e Diana Karaka\u0161, mag.oec. Zbog sprije\u010denosti predava\u010da, navedeno predavanje je OTKAZANO!<\/p>","protected":false},"author":4,"featured_media":402,"comment_status":"closed","ping_status":"open","sticky":false,"template":"","format":"standard","meta":{"_acf_changed":false,"footnotes":""},"categories":[1],"tags":[],"opcije-prikaza-objave":[],"dogadanja":[],"class_list":["post-14065","post","type-post","status-publish","format-standard","has-post-thumbnail","hentry","category-novosti"],"acf":{"photo_gallery":{"galerija":[[]]}},"_links":{"self":[{"href":"https:\/\/www.bak.hr\/en\/wp-json\/wp\/v2\/posts\/14065","targetHints":{"allow":["GET"]}}],"collection":[{"href":"https:\/\/www.bak.hr\/en\/wp-json\/wp\/v2\/posts"}],"about":[{"href":"https:\/\/www.bak.hr\/en\/wp-json\/wp\/v2\/types\/post"}],"author":[{"embeddable":true,"href":"https:\/\/www.bak.hr\/en\/wp-json\/wp\/v2\/users\/4"}],"replies":[{"embeddable":true,"href":"https:\/\/www.bak.hr\/en\/wp-json\/wp\/v2\/comments?post=14065"}],"version-history":[{"count":3,"href":"https:\/\/www.bak.hr\/en\/wp-json\/wp\/v2\/posts\/14065\/revisions"}],"predecessor-version":[{"id":14636,"href":"https:\/\/www.bak.hr\/en\/wp-json\/wp\/v2\/posts\/14065\/revisions\/14636"}],"wp:featuredmedia":[{"embeddable":true,"href":"https:\/\/www.bak.hr\/en\/wp-json\/wp\/v2\/media\/402"}],"wp:attachment":[{"href":"https:\/\/www.bak.hr\/en\/wp-json\/wp\/v2\/media?parent=14065"}],"wp:term":[{"taxonomy":"category","embeddable":true,"href":"https:\/\/www.bak.hr\/en\/wp-json\/wp\/v2\/categories?post=14065"},{"taxonomy":"post_tag","embeddable":true,"href":"https:\/\/www.bak.hr\/en\/wp-json\/wp\/v2\/tags?post=14065"},{"taxonomy":"opcije-prikaza-objave","embeddable":true,"href":"https:\/\/www.bak.hr\/en\/wp-json\/wp\/v2\/opcije-prikaza-objave?post=14065"},{"taxonomy":"dogadanja","embeddable":true,"href":"https:\/\/www.bak.hr\/en\/wp-json\/wp\/v2\/dogadanja?post=14065"}],"curies":[{"name":"wp","href":"https:\/\/api.w.org\/{rel}","templated":true}]}}