{"id":1594,"date":"2023-11-07T08:00:00","date_gmt":"2023-11-07T07:00:00","guid":{"rendered":"https:\/\/www.bak.hr\/?p=1594"},"modified":"2023-11-06T15:55:07","modified_gmt":"2023-11-06T14:55:07","slug":"in-memoriam-prof-dr-sc-nikola-skledar-1942-2011","status":"publish","type":"post","link":"https:\/\/www.bak.hr\/en\/in-memoriam-prof-dr-sc-nikola-skledar-1942-2011\/","title":{"rendered":"In memoriam prof. dr. sc. Nikola Skledar (1942. &#8211; 2011.)"},"content":{"rendered":"<p>Povodom dvanaeste godi\u0161njice smrti u znak sje\u0107anja na dekana Visoke \u0161kole<\/p>\n\n\n\n<p>Nikola Skledar ro\u0111en je 1942. u Zapre\u0161i\u0107u. Gimnaziju je zavr\u0161io u Zagrebu, gdje je i diplomirao filozofiju i psihologiju na Filozofskome fakultetu. Odslu\u0161ao je poslijediplomski studij Teorije religije i ateizma pri Institutu za dru\u0161tvena istra\u017eivanja Sveu\u010dili\u0161ta u Zagrebu, a doktorirao na Fakulteti za sociologijo, politi\u010dne vede in novinarstvo Univerze v Ljubljani. Radio je na Filozofskome fakultetu (Sveu\u010dili\u0161tu) u Zadru u svim zvanjima, od asistenta do redovitoga profesora u trajnome zvanju, gdje je obna\u0161ao du\u017enost predstojnika Odsjeka za sociologiju i pro\u010delnika Zavoda za filozofiju, sociologiju, psihologiju i pedagogiju. Bio je dugogodi\u0161nji ravnatelj Instituta za dru\u0161tvena istra\u017eivanja u Zagrebu, te dekan Visoke \u0161kole za poslovanje i upravljanje \u201eBaltazar Adam Kr\u010deli\u0107\u201c u Zapre\u0161i\u0107u.<\/p>\n\n\n\n<p>Predavao je i na poslijediplomskim studijima sociologije na Filozofskome fakultetu u Zagrebu, kodirektor je poslijediplomskoga te\u010daja Future of Religion Interuniverzitetskoga centra (IUC) u Dubrovniku i zamjenik voditelja poslijediplomskoga studija Kultura i dru\u0161tvo Sveu\u010dili\u0161ta u Zadru. Pod njegovim je mentorstvom izra\u0111eno nekoliko magistarskih i doktorskih radova. Odr\u017eao je mnoga javna predavanja diljem Hrvatske i u inozemstvu. Bio je aktivni sudionik brojnih doma\u0107ih i me\u0111unarodnih znanstvenih skupova, voditelj znanstvenih programa i projekata, urednik znanstvenih \u010dasopisa i biblioteka. U nekoliko mandata bio je \u010dlan Predsjedni\u0161tva Hrvatskoga sociolo\u0161kog dru\u0161tva te predsjednik Hrvatskoga filozofskog dru\u0161tva i Hrvatskoga bioeti\u010dkog dru\u0161tva. Dobitnik je Nagrade za \u017eivotno djelo Zagreba\u010dke \u017eupanije 2007., Nagrade za \u017eivotno djelo Grada Zapre\u0161i\u0107a 2011., Nagrade Matice hrvatske u Zagrebu za knjigu \u010covjek i kultura, te razli\u010ditih drugih priznanja.<\/p>\n\n\n\n<p>Objavio je vi\u0161e od sto znanstvenih i stru\u010dnih radova u zemlji i inozemstvu te knjiga.<\/p>","protected":false},"excerpt":{"rendered":"<p>Povodom dvanaeste godi\u0161njice smrti u znak sje\u0107anja na dekana Visoke \u0161kole Nikola Skledar ro\u0111en je 1942. u Zapre\u0161i\u0107u. Gimnaziju je zavr\u0161io u Zagrebu, gdje je i diplomirao filozofiju i psihologiju na Filozofskome fakultetu. Odslu\u0161ao je poslijediplomski studij Teorije religije i ateizma pri Institutu za dru\u0161tvena istra\u017eivanja Sveu\u010dili\u0161ta u Zagrebu, a doktorirao na Fakulteti za sociologijo, [&hellip;]<\/p>","protected":false},"author":1,"featured_media":1595,"comment_status":"closed","ping_status":"open","sticky":false,"template":"","format":"standard","meta":{"_acf_changed":false,"footnotes":""},"categories":[1],"tags":[],"opcije-prikaza-objave":[],"dogadanja":[],"class_list":["post-1594","post","type-post","status-publish","format-standard","has-post-thumbnail","hentry","category-novosti"],"acf":{"photo_gallery":{"galerija":[[{"id":1596,"title":"1636275684FB_IMG_1636274965106-01","caption":"","full_image_url":"https:\/\/www.bak.hr\/wp-content\/uploads\/2023\/07\/1636275684FB_IMG_1636274965106-01.jpg","thumbnail_image_url":"https:\/\/www.bak.hr\/wp-content\/uploads\/2023\/07\/1636275684FB_IMG_1636274965106-01-150x150.jpg","large_srcset":"https:\/\/www.bak.hr\/wp-content\/uploads\/2023\/07\/1636275684FB_IMG_1636274965106-01.jpg 720w, https:\/\/www.bak.hr\/wp-content\/uploads\/2023\/07\/1636275684FB_IMG_1636274965106-01-225x300.jpg 225w","medium_srcset":"https:\/\/www.bak.hr\/wp-content\/uploads\/2023\/07\/1636275684FB_IMG_1636274965106-01-225x300.jpg 225w, https:\/\/www.bak.hr\/wp-content\/uploads\/2023\/07\/1636275684FB_IMG_1636274965106-01.jpg 720w","media_details":{"width":720,"height":960,"sizes":{"medium":{"file":"1636275684FB_IMG_1636274965106-01-225x300.jpg","width":225,"height":300,"mime-type":"image\/jpeg","filesize":15184,"source_url":"https:\/\/www.bak.hr\/wp-content\/uploads\/2023\/07\/1636275684FB_IMG_1636274965106-01-225x300.jpg"},"thumbnail":{"file":"1636275684FB_IMG_1636274965106-01-150x150.jpg","width":150,"height":150,"mime-type":"image\/jpeg","filesize":6078,"source_url":"https:\/\/www.bak.hr\/wp-content\/uploads\/2023\/07\/1636275684FB_IMG_1636274965106-01-150x150.jpg"}}},"alt_text":"","url":"","target":""}]]}},"_links":{"self":[{"href":"https:\/\/www.bak.hr\/en\/wp-json\/wp\/v2\/posts\/1594","targetHints":{"allow":["GET"]}}],"collection":[{"href":"https:\/\/www.bak.hr\/en\/wp-json\/wp\/v2\/posts"}],"about":[{"href":"https:\/\/www.bak.hr\/en\/wp-json\/wp\/v2\/types\/post"}],"author":[{"embeddable":true,"href":"https:\/\/www.bak.hr\/en\/wp-json\/wp\/v2\/users\/1"}],"replies":[{"embeddable":true,"href":"https:\/\/www.bak.hr\/en\/wp-json\/wp\/v2\/comments?post=1594"}],"version-history":[{"count":2,"href":"https:\/\/www.bak.hr\/en\/wp-json\/wp\/v2\/posts\/1594\/revisions"}],"predecessor-version":[{"id":12555,"href":"https:\/\/www.bak.hr\/en\/wp-json\/wp\/v2\/posts\/1594\/revisions\/12555"}],"wp:featuredmedia":[{"embeddable":true,"href":"https:\/\/www.bak.hr\/en\/wp-json\/wp\/v2\/media\/1595"}],"wp:attachment":[{"href":"https:\/\/www.bak.hr\/en\/wp-json\/wp\/v2\/media?parent=1594"}],"wp:term":[{"taxonomy":"category","embeddable":true,"href":"https:\/\/www.bak.hr\/en\/wp-json\/wp\/v2\/categories?post=1594"},{"taxonomy":"post_tag","embeddable":true,"href":"https:\/\/www.bak.hr\/en\/wp-json\/wp\/v2\/tags?post=1594"},{"taxonomy":"opcije-prikaza-objave","embeddable":true,"href":"https:\/\/www.bak.hr\/en\/wp-json\/wp\/v2\/opcije-prikaza-objave?post=1594"},{"taxonomy":"dogadanja","embeddable":true,"href":"https:\/\/www.bak.hr\/en\/wp-json\/wp\/v2\/dogadanja?post=1594"}],"curies":[{"name":"wp","href":"https:\/\/api.w.org\/{rel}","templated":true}]}}