{"id":21129,"date":"2026-01-20T12:28:00","date_gmt":"2026-01-20T11:28:00","guid":{"rendered":"https:\/\/www.bak.hr\/?p=21129"},"modified":"2026-01-22T10:49:19","modified_gmt":"2026-01-22T09:49:19","slug":"najava-gostujuceg-online-predavanja-na-temu-digitalizacija-hrvatske-i-razvoj-elektronickih-usluga","status":"publish","type":"post","link":"https:\/\/www.bak.hr\/en\/najava-gostujuceg-online-predavanja-na-temu-digitalizacija-hrvatske-i-razvoj-elektronickih-usluga\/","title":{"rendered":"Najava gostuju\u0107eg online predavanja na temu \u201eDigitalizacija Hrvatske i razvoj elektroni\u010dkih usluga\u201c"},"content":{"rendered":"<p>Nikola Modru\u0161an, magistar informatike, ravnatelj Uprave za razvoj dr\u017eavne informacijske infrastrukture i elektroni\u010dkih usluga u Ministarstvu pravosu\u0111a, uprave i digitalne transformacije RH, odr\u017eat \u0107e na Veleu\u010dili\u0161tu Baltazar Zapre\u0161i\u0107 gostuju\u0107e predavanje na temu \u201eDigitalizacija Hrvatske i razvoj elektroni\u010dkih usluga\u201c.<\/p>\n\n\n\n<p>Predavanje \u0107e se odr\u017eati u \u010detvrtak 22. sije\u010dnja 2026. godine s po\u010detkom u 17:30 sati u sklopu kolegija e-Javni sektor na stru\u010dnom diplomskom studiju Menad\u017ement javnog sektora. Predavanju \u0107e se mo\u0107i pristupiti putem poveznice na kolegiju e-Javni sektor na sustavu Baltazar.<\/p>\n\n\n\n<p>Nikola Modru\u0161an je etablirani stru\u010dnjak u podru\u010dju razvoja digitalnog dru\u0161tva i nacionalni ekspert Europske komisije za interoperabilnost. Kroz svoje predavanje sa studentima \u0107e podijelit svoja iskustva i viziju daljnjeg razvoja digitalne Hrvatske. Studentima \u0107e izlo\u017eiti pregled klju\u010dnih inicijativa i projekata koji oblikuju digitalnu transformaciju javne uprave te unapre\u0111uju dostupnost i u\u010dinkovitost usluga gra\u0111anima i poslovnom sektoru.<\/p>\n\n\n\n<p>Voditelj studija Menad\u017ement javnog sektora dr. sc. Ninoslav Greguri\u0107-Bajza i predmetni nastavnik Kruno \u010colak, mag. oec. pozivaju sve studente i nastavnike da se pridru\u017ee ovom aktualnom predavanju.<\/p>","protected":false},"excerpt":{"rendered":"<p>Nikola Modru\u0161an, magistar informatike, ravnatelj Uprave za razvoj dr\u017eavne informacijske infrastrukture i elektroni\u010dkih usluga u Ministarstvu pravosu\u0111a, uprave i digitalne transformacije RH, odr\u017eat \u0107e na Veleu\u010dili\u0161tu Baltazar Zapre\u0161i\u0107 gostuju\u0107e predavanje na temu \u201eDigitalizacija Hrvatske i razvoj elektroni\u010dkih usluga\u201c. Predavanje \u0107e se odr\u017eati u \u010detvrtak 22. sije\u010dnja 2026. godine s po\u010detkom u 17:30 sati u sklopu [&hellip;]<\/p>","protected":false},"author":4,"featured_media":21130,"comment_status":"closed","ping_status":"open","sticky":false,"template":"","format":"standard","meta":{"_acf_changed":false,"footnotes":""},"categories":[118],"tags":[],"opcije-prikaza-objave":[],"dogadanja":[],"class_list":["post-21129","post","type-post","status-publish","format-standard","has-post-thumbnail","hentry","category-nekategorizirano-hr"],"acf":{"photo_gallery":{"galerija":[[]]}},"_links":{"self":[{"href":"https:\/\/www.bak.hr\/en\/wp-json\/wp\/v2\/posts\/21129","targetHints":{"allow":["GET"]}}],"collection":[{"href":"https:\/\/www.bak.hr\/en\/wp-json\/wp\/v2\/posts"}],"about":[{"href":"https:\/\/www.bak.hr\/en\/wp-json\/wp\/v2\/types\/post"}],"author":[{"embeddable":true,"href":"https:\/\/www.bak.hr\/en\/wp-json\/wp\/v2\/users\/4"}],"replies":[{"embeddable":true,"href":"https:\/\/www.bak.hr\/en\/wp-json\/wp\/v2\/comments?post=21129"}],"version-history":[{"count":3,"href":"https:\/\/www.bak.hr\/en\/wp-json\/wp\/v2\/posts\/21129\/revisions"}],"predecessor-version":[{"id":21191,"href":"https:\/\/www.bak.hr\/en\/wp-json\/wp\/v2\/posts\/21129\/revisions\/21191"}],"wp:featuredmedia":[{"embeddable":true,"href":"https:\/\/www.bak.hr\/en\/wp-json\/wp\/v2\/media\/21130"}],"wp:attachment":[{"href":"https:\/\/www.bak.hr\/en\/wp-json\/wp\/v2\/media?parent=21129"}],"wp:term":[{"taxonomy":"category","embeddable":true,"href":"https:\/\/www.bak.hr\/en\/wp-json\/wp\/v2\/categories?post=21129"},{"taxonomy":"post_tag","embeddable":true,"href":"https:\/\/www.bak.hr\/en\/wp-json\/wp\/v2\/tags?post=21129"},{"taxonomy":"opcije-prikaza-objave","embeddable":true,"href":"https:\/\/www.bak.hr\/en\/wp-json\/wp\/v2\/opcije-prikaza-objave?post=21129"},{"taxonomy":"dogadanja","embeddable":true,"href":"https:\/\/www.bak.hr\/en\/wp-json\/wp\/v2\/dogadanja?post=21129"}],"curies":[{"name":"wp","href":"https:\/\/api.w.org\/{rel}","templated":true}]}}