{"id":21402,"date":"2026-02-12T08:17:13","date_gmt":"2026-02-12T07:17:13","guid":{"rendered":"https:\/\/www.bak.hr\/?p=21402"},"modified":"2026-02-12T08:17:14","modified_gmt":"2026-02-12T07:17:14","slug":"u-razdoblju-od-16-do-22-veljace-2026-provodenje-studentske-ankete-za-zimski-semestar","status":"publish","type":"post","link":"https:\/\/www.bak.hr\/en\/u-razdoblju-od-16-do-22-veljace-2026-provodenje-studentske-ankete-za-zimski-semestar\/","title":{"rendered":"U razdoblju od 16. do 22. velja\u010de 2026. provo\u0111enje studentske ankete za zimski semestar"},"content":{"rendered":"<p>Po\u0161tovane studentice i studenti,<\/p>\n\n\n\n<p>u okviru osiguravanja kvalitete i vrednovanja uspje\u0161nosti nastavnog procesa, u razdoblju&nbsp;od 16. do 22. velja\u010de 2026.&nbsp;godine provoditi \u0107e se anketno istra\u017eivanje (putem sustava za e-u\u010denje Baltazar), s ciljem procjene kvalitete rada nastavnika te rada Veleu\u010dili\u0161ta, za zimski semestar ak. god. 2025.\/2026. Va\u0161i su nam odgovori iznimno bitni jer mogu ukazati na nedostatke i te\u0161ko\u0107e u nastavi te utjecati na pobolj\u0161anje njezine kvalitete, kao i bolje funkcioniranje Veleu\u010dili\u0161ta u cjelini. Obrazac <em>online<\/em> ankete nalaziti \u0107e se u sklopu e-kolegija koji se prema rasporedu izvodi kao zadnji u semestru. Anonimnost ispitanika potpuno je zajam\u010dena. Za popunjavanje je potrebno izdvojiti 5 do 8 minuta, te Vas molimo da na postavljena pitanja odgovarate iskreno i u cijelosti jer svaki od va\u0161ih odgovora doprinosi relevantnosti ovog istra\u017eivanja.<\/p>\n\n\n\n<p>Zahvaljujemo na suradnji!<\/p>\n\n\n\n<p>Centar za kvalitetu<\/p>","protected":false},"excerpt":{"rendered":"<p>Po\u0161tovane studentice i studenti, u okviru osiguravanja kvalitete i vrednovanja uspje\u0161nosti nastavnog procesa, u razdoblju&nbsp;od 16. do 22. velja\u010de 2026.&nbsp;godine provoditi \u0107e se anketno istra\u017eivanje (putem sustava za e-u\u010denje Baltazar), s ciljem procjene kvalitete rada nastavnika te rada Veleu\u010dili\u0161ta, za zimski semestar ak. god. 2025.\/2026. Va\u0161i su nam odgovori iznimno bitni jer mogu ukazati na [&hellip;]<\/p>","protected":false},"author":4,"featured_media":1384,"comment_status":"closed","ping_status":"open","sticky":false,"template":"","format":"standard","meta":{"_acf_changed":false,"footnotes":""},"categories":[118],"tags":[],"opcije-prikaza-objave":[],"dogadanja":[],"class_list":["post-21402","post","type-post","status-publish","format-standard","has-post-thumbnail","hentry","category-nekategorizirano-hr"],"acf":{"photo_gallery":{"galerija":[[]]}},"_links":{"self":[{"href":"https:\/\/www.bak.hr\/en\/wp-json\/wp\/v2\/posts\/21402","targetHints":{"allow":["GET"]}}],"collection":[{"href":"https:\/\/www.bak.hr\/en\/wp-json\/wp\/v2\/posts"}],"about":[{"href":"https:\/\/www.bak.hr\/en\/wp-json\/wp\/v2\/types\/post"}],"author":[{"embeddable":true,"href":"https:\/\/www.bak.hr\/en\/wp-json\/wp\/v2\/users\/4"}],"replies":[{"embeddable":true,"href":"https:\/\/www.bak.hr\/en\/wp-json\/wp\/v2\/comments?post=21402"}],"version-history":[{"count":1,"href":"https:\/\/www.bak.hr\/en\/wp-json\/wp\/v2\/posts\/21402\/revisions"}],"predecessor-version":[{"id":21403,"href":"https:\/\/www.bak.hr\/en\/wp-json\/wp\/v2\/posts\/21402\/revisions\/21403"}],"wp:featuredmedia":[{"embeddable":true,"href":"https:\/\/www.bak.hr\/en\/wp-json\/wp\/v2\/media\/1384"}],"wp:attachment":[{"href":"https:\/\/www.bak.hr\/en\/wp-json\/wp\/v2\/media?parent=21402"}],"wp:term":[{"taxonomy":"category","embeddable":true,"href":"https:\/\/www.bak.hr\/en\/wp-json\/wp\/v2\/categories?post=21402"},{"taxonomy":"post_tag","embeddable":true,"href":"https:\/\/www.bak.hr\/en\/wp-json\/wp\/v2\/tags?post=21402"},{"taxonomy":"opcije-prikaza-objave","embeddable":true,"href":"https:\/\/www.bak.hr\/en\/wp-json\/wp\/v2\/opcije-prikaza-objave?post=21402"},{"taxonomy":"dogadanja","embeddable":true,"href":"https:\/\/www.bak.hr\/en\/wp-json\/wp\/v2\/dogadanja?post=21402"}],"curies":[{"name":"wp","href":"https:\/\/api.w.org\/{rel}","templated":true}]}}