{"id":22223,"date":"2026-04-27T09:26:23","date_gmt":"2026-04-27T07:26:23","guid":{"rendered":"https:\/\/www.bak.hr\/?p=22223"},"modified":"2026-04-28T15:25:48","modified_gmt":"2026-04-28T13:25:48","slug":"pozivamo-vas-na-panel-raspravu-okrugli-stol-na-temu-uloga-hrvatskog-javnog-sektora-u-kontekstu-geopolitickih-i-geoekonomskih-promjena-i-kriza","status":"publish","type":"post","link":"https:\/\/www.bak.hr\/en\/pozivamo-vas-na-panel-raspravu-okrugli-stol-na-temu-uloga-hrvatskog-javnog-sektora-u-kontekstu-geopolitickih-i-geoekonomskih-promjena-i-kriza\/","title":{"rendered":"Pozivamo vas na panel raspravu\/okrugli stol na temu &#8220;Uloga hrvatskog javnog sektora u kontekstu geopoliti\u010dkih i geoekonomskih promjena i kriza&#8221;"},"content":{"rendered":"<p>Nastupilo je vrijeme velikih geopoliti\u010dkih i geoekonomskih nestabilnosti i neizvjesnosti, te ubrzanih globalnih promjena u svijetu. Posljedice su vidljive i u na\u0161oj zemlji, po\u010dev\u0161i od sna\u017enog poreme\u0107aja globalnih energetskih i opskrbnih tokova, nepredvidljivosti na tr\u017ei\u0161tu i u poslovanju, \u00a0pa sve do sigurnosnih prijetnji i rizika koji nadilaze nacionalne i regionalne granice.\u00a0 U tim i takvim okolnostima otvaraju se brojna pitanja vezana uz polo\u017eaj Hrvatske u novom svjetskom poretku, uz aktualne globalne prijetnje i izazove za na\u0161u nacionalnu sigurnost te uz geoekonomske promjene i gospodarsko pozicioniranje Hrvatske. Odgovore na ta pitanja i o\u010dekivana pitanja studenata i profesora Veleu\u010dili\u0161ta Baltazar Zapre\u0161i\u0107 ponudit \u0107e nam ugledni hrvatski\u00a0vanjsko-politi\u010dki,\u00a0vojni i ekonomski analiti\u010dari.\u00a0<\/p>\n\n\n\n<p>Stoga ne propustite ovu iznimnu priliku da svojim dolaskom na predmetni okrugli stol, pro\u0161irite svoje spoznaje i razjasnite svoje dvojbe.<\/p>\n\n\n\n<p><strong>Vidimo se u srijedu 06.05.2026. u prostorijama Dislociranog centra Veleu\u010dili\u0161ta Baltazar u Zagrebu, Lastovska 23 u 17:30 sati.&nbsp; &nbsp;<\/strong>&nbsp;<\/p>","protected":false},"excerpt":{"rendered":"<p>Nastupilo je vrijeme velikih geopoliti\u010dkih i geoekonomskih nestabilnosti i neizvjesnosti, te ubrzanih globalnih promjena u svijetu. Posljedice su vidljive i u na\u0161oj zemlji, po\u010dev\u0161i od sna\u017enog poreme\u0107aja globalnih energetskih i opskrbnih tokova, nepredvidljivosti na tr\u017ei\u0161tu i u poslovanju, \u00a0pa sve do sigurnosnih prijetnji i rizika koji nadilaze nacionalne i regionalne granice.\u00a0 U tim i takvim [&hellip;]<\/p>","protected":false},"author":4,"featured_media":22222,"comment_status":"closed","ping_status":"open","sticky":false,"template":"","format":"standard","meta":{"_acf_changed":false,"footnotes":""},"categories":[118],"tags":[],"opcije-prikaza-objave":[],"dogadanja":[],"class_list":["post-22223","post","type-post","status-publish","format-standard","has-post-thumbnail","hentry","category-nekategorizirano-hr"],"acf":{"photo_gallery":{"galerija":[[]]}},"_links":{"self":[{"href":"https:\/\/www.bak.hr\/en\/wp-json\/wp\/v2\/posts\/22223","targetHints":{"allow":["GET"]}}],"collection":[{"href":"https:\/\/www.bak.hr\/en\/wp-json\/wp\/v2\/posts"}],"about":[{"href":"https:\/\/www.bak.hr\/en\/wp-json\/wp\/v2\/types\/post"}],"author":[{"embeddable":true,"href":"https:\/\/www.bak.hr\/en\/wp-json\/wp\/v2\/users\/4"}],"replies":[{"embeddable":true,"href":"https:\/\/www.bak.hr\/en\/wp-json\/wp\/v2\/comments?post=22223"}],"version-history":[{"count":2,"href":"https:\/\/www.bak.hr\/en\/wp-json\/wp\/v2\/posts\/22223\/revisions"}],"predecessor-version":[{"id":22288,"href":"https:\/\/www.bak.hr\/en\/wp-json\/wp\/v2\/posts\/22223\/revisions\/22288"}],"wp:featuredmedia":[{"embeddable":true,"href":"https:\/\/www.bak.hr\/en\/wp-json\/wp\/v2\/media\/22222"}],"wp:attachment":[{"href":"https:\/\/www.bak.hr\/en\/wp-json\/wp\/v2\/media?parent=22223"}],"wp:term":[{"taxonomy":"category","embeddable":true,"href":"https:\/\/www.bak.hr\/en\/wp-json\/wp\/v2\/categories?post=22223"},{"taxonomy":"post_tag","embeddable":true,"href":"https:\/\/www.bak.hr\/en\/wp-json\/wp\/v2\/tags?post=22223"},{"taxonomy":"opcije-prikaza-objave","embeddable":true,"href":"https:\/\/www.bak.hr\/en\/wp-json\/wp\/v2\/opcije-prikaza-objave?post=22223"},{"taxonomy":"dogadanja","embeddable":true,"href":"https:\/\/www.bak.hr\/en\/wp-json\/wp\/v2\/dogadanja?post=22223"}],"curies":[{"name":"wp","href":"https:\/\/api.w.org\/{rel}","templated":true}]}}